{"id":2354,"date":"2025-03-21T10:48:00","date_gmt":"2025-03-21T09:48:00","guid":{"rendered":"http:\/\/www.ambulatoriodellarte.eu\/?p=2354"},"modified":"2025-03-21T10:48:02","modified_gmt":"2025-03-21T09:48:02","slug":"venerdi-28-ottobre-si-e-chiusa-la-sperimentazione-di-6-mesi-di-cultura-di-base-2","status":"publish","type":"post","link":"http:\/\/www.ambulatoriodellarte.eu\/index.php\/2025\/03\/21\/venerdi-28-ottobre-si-e-chiusa-la-sperimentazione-di-6-mesi-di-cultura-di-base-2\/","title":{"rendered":"Venerd\u00ec 28 ottobre si \u00e8 chiusa la sperimentazione di 6 mesi di Cultura di Base"},"content":{"rendered":"<p>Venerd\u00ec 28 ottobre si \u00e8 chiusa la sperimentazione di 6 mesi di Cultura di Base, uno step davvero molto importante per il progetto.<\/p>\n<p>Abbiamo voluto celebrare questo momento con un breve video, un assaggio delle video-testimonianze che abbiamo girato ad ottobre per ciascuno dei luoghi e dei medici coinvolti (al momento in corso di montaggio e post-produzione).<\/p>\n<p>&nbsp;<\/p>\n","protected":false},"excerpt":{"rendered":"<p>Venerd\u00ec 28 ottobre si \u00e8 chiusa la sperimentazione di 6 mesi di Cultura di Base, uno step davvero molto importante per il progetto. Abbiamo voluto celebrare questo momento con un breve video, un assaggio delle video-testimonianze che abbiamo girato ad ottobre per ciascuno dei luoghi e dei medici coinvolti (al momento in corso di montaggio [&hellip;]<\/p>\n","protected":false},"author":1,"featured_media":0,"comment_status":"open","ping_status":"open","sticky":false,"template":"","format":"standard","meta":{"footnotes":""},"categories":[121],"tags":[],"class_list":["post-2354","post","type-post","status-publish","format-standard","hentry","category-museo-egizio"],"_links":{"self":[{"href":"http:\/\/www.ambulatoriodellarte.eu\/index.php\/wp-json\/wp\/v2\/posts\/2354"}],"collection":[{"href":"http:\/\/www.ambulatoriodellarte.eu\/index.php\/wp-json\/wp\/v2\/posts"}],"about":[{"href":"http:\/\/www.ambulatoriodellarte.eu\/index.php\/wp-json\/wp\/v2\/types\/post"}],"author":[{"embeddable":true,"href":"http:\/\/www.ambulatoriodellarte.eu\/index.php\/wp-json\/wp\/v2\/users\/1"}],"replies":[{"embeddable":true,"href":"http:\/\/www.ambulatoriodellarte.eu\/index.php\/wp-json\/wp\/v2\/comments?post=2354"}],"version-history":[{"count":1,"href":"http:\/\/www.ambulatoriodellarte.eu\/index.php\/wp-json\/wp\/v2\/posts\/2354\/revisions"}],"predecessor-version":[{"id":3863,"href":"http:\/\/www.ambulatoriodellarte.eu\/index.php\/wp-json\/wp\/v2\/posts\/2354\/revisions\/3863"}],"wp:attachment":[{"href":"http:\/\/www.ambulatoriodellarte.eu\/index.php\/wp-json\/wp\/v2\/media?parent=2354"}],"wp:term":[{"taxonomy":"category","embeddable":true,"href":"http:\/\/www.ambulatoriodellarte.eu\/index.php\/wp-json\/wp\/v2\/categories?post=2354"},{"taxonomy":"post_tag","embeddable":true,"href":"http:\/\/www.ambulatoriodellarte.eu\/index.php\/wp-json\/wp\/v2\/tags?post=2354"}],"curies":[{"name":"wp","href":"https:\/\/api.w.org\/{rel}","templated":true}]}}