{"id":161,"date":"2014-04-26T16:31:07","date_gmt":"2014-04-26T14:31:07","guid":{"rendered":"http:\/\/www.ambulatoriodellarte.eu\/?p=161"},"modified":"2021-12-09T11:22:30","modified_gmt":"2021-12-09T10:22:30","slug":"il-tempo-nelle-nostre-mani","status":"publish","type":"post","link":"http:\/\/www.ambulatoriodellarte.eu\/index.php\/2014\/04\/26\/il-tempo-nelle-nostre-mani\/","title":{"rendered":"Il tempo nelle nostre mani"},"content":{"rendered":"<p style=\"text-align: center;\"><span class=\"Stile1\"><strong>IL TEMPO NELLE NOSTRE MANI<\/strong> <\/span><br \/>\n<img loading=\"lazy\" decoding=\"async\" class=\"alignnone wp-image-162\" src=\"http:\/\/www.ambulatoriodellarte.eu\/wp-content\/uploads\/2017\/01\/t1.jpg\" alt=\"t1\" width=\"199\" height=\"214\" \/><\/p>\n<p><strong>scultura di Costanza Battaglini e Nicol\u00f2 Borgese<\/strong><\/p>\n<p align=\"justify\"><em>\u201cL\u2019anima attende, fa attenzione e ricorda, sicch\u00e9 ci\u00f2 che essa attende, attraverso ci\u00f2 cui fa attenzione, passa in ci\u00f2 che ricorda.<\/em> <em>Nessuno nega che il futuro non c\u2019\u00e8 ancora, ma c\u2019\u00e8 gi\u00e0 nell\u2019anima l\u2019attesa del futuro. Nessuno nega che il passato non c\u2019\u00e8 pi\u00f9, ma c\u2019\u00e8 ancora nell\u2019anima la memoria del passato. E nessuno nega che il presente manca di durata perch\u00e9 subito cade nel passato, ma dura tuttavia l\u2019attenzione\u2026\u201d<\/em><\/p>\n<p align=\"justify\">s. Agostino, <em>Confessioni<\/em>, libro XI<\/p>\n<p align=\"justify\">Per S. Agostino, oltre all\u2019oggettivit\u00e0 del fluire del tempo, esiste l\u2019atteggiamento dell\u2019anima nei confronti di esso e questo spiega la differente percezione della durata del tempo stesso: nell\u2019infanzia \u00e8 preponderante l\u2019attesa del futuro e come tutte le attese sembra durare molto; la nostra societ\u00e0 vive nel presente, caratterizzato da frequenti e repentini cambiamenti (manca di durata), altre societ\u00e0 sono pi\u00f9 legate al passato (pongono maggiore attenzione alle tradizioni, ad esempio) e il ritmo \u00e8 meno frenetico. Il tempo \u00e8 una realt\u00e0 affascinante, che coinvolge sia gli \u201caddetti ai lavori\u201d, scienziati, filosofi, teologi \u2026 sia le persone comuni, sia gli artisti. Questi ultimi ci trasmettono molti aspetti diversi della \u201cpercezione del tempo\u201d attraverso stimoli visivi, tattili, uditivi\u2026 in grado di suscitare le nostre emozioni. Il loro messaggio attraversa il fluire del tempo stesso e la possibilit\u00e0 di emozionare rimane inalterata anche a migliaia di anni di distanza dal momento della realizzazione dell\u2019opera (basti pensare ai dipinti delle grotte di Lascaux, alla sfinge, al Laocoonte, ecc.).<\/p>\n<p><strong><em>IL TEMPO NON SCORRE NELLA STESSA MANIERA NELLE DIVERSE SOCIETA\u2019<\/em><\/strong><\/p>\n<p align=\"left\">i ritmi lenti del villaggio africano rappresentati nel quadro di <strong>Giovanna Salamano<\/strong><\/p>\n<p align=\"center\"><img loading=\"lazy\" decoding=\"async\" class=\"alignnone size-full wp-image-163\" src=\"http:\/\/www.ambulatoriodellarte.eu\/wp-content\/uploads\/2017\/01\/t2.png\" alt=\"t2\" width=\"73\" height=\"102\" \/><\/p>\n<p align=\"left\">vengono contrapposti allo stressatissimo uomo urbano di <strong>Galo<\/strong><\/p>\n<p align=\"center\"><img loading=\"lazy\" decoding=\"async\" class=\"alignnone size-full wp-image-164\" src=\"http:\/\/www.ambulatoriodellarte.eu\/wp-content\/uploads\/2017\/01\/t3.jpg\" alt=\"t3\" width=\"68\" height=\"91\" \/><\/p>\n<p align=\"left\">oppure al rapido scorrere del paesaggio osservato dal parabrezza della macchina di <strong>Marco Longo<\/strong>.<\/p>\n<p align=\"center\"><img loading=\"lazy\" decoding=\"async\" class=\"alignnone size-full wp-image-165\" src=\"http:\/\/www.ambulatoriodellarte.eu\/wp-content\/uploads\/2017\/01\/t4.jpg\" alt=\"t4\" width=\"125\" height=\"82\" \/><\/p>\n<p align=\"center\"><strong>LA NOVITA\u2019 DI IERI, E\u2019 L\u2019ABITUDINE DI OGGI E IL FERROVECCHIO DI DOMANI<\/strong><\/p>\n<p align=\"left\">Questa frase, che sembra descrivere bene il destino di ogni novit\u00e0 tecnologica, in realt\u00e0 si adatta purtroppo anche al destino di molti gruppi di persone, come mirabilmente sintetizzato nell\u2019opera di <strong>Carlo<\/strong> <strong>D\u2019Oria<\/strong> : gli uomini che hanno fatto parte di catene produttive non pi\u00f9 utili a causa della crisi o di investimenti diversi, vengono scartati e buttati come ingranaggi ormai obsoleti.<\/p>\n<p align=\"center\"><img loading=\"lazy\" decoding=\"async\" class=\"alignnone size-full wp-image-166\" src=\"http:\/\/www.ambulatoriodellarte.eu\/wp-content\/uploads\/2017\/01\/t5.jpg\" alt=\"t5\" width=\"134\" height=\"101\" \/><\/p>\n<p><strong><em>IL FASCINO DELLE ERE PASSATE<\/em><\/strong><\/p>\n<p align=\"justify\">Da \u201c<em>Viaggio al centro della terra<\/em>\u201d a \u201c<em>Jurassic Park<\/em>\u201d molti artisti ci hanno coinvolto nel contatto fantasticato con esseri delle ere che ci hanno preceduto.<\/p>\n<p align=\"left\">lo scorfano di <strong>Lorenzo Alessandri<\/strong><\/p>\n<p><img loading=\"lazy\" decoding=\"async\" class=\"alignnone size-full wp-image-167\" src=\"http:\/\/www.ambulatoriodellarte.eu\/wp-content\/uploads\/2017\/01\/t6.png\" alt=\"t6\" width=\"122\" height=\"93\" \/><\/p>\n<p align=\"left\">il fossile di <strong>Paolo Chiarloni<\/strong><\/p>\n<p align=\"center\"><img loading=\"lazy\" decoding=\"async\" class=\"alignnone size-full wp-image-168\" src=\"http:\/\/www.ambulatoriodellarte.eu\/wp-content\/uploads\/2017\/01\/t7.jpg\" alt=\"t7\" width=\"121\" height=\"90\" \/><\/p>\n<p align=\"left\">la \u201clotta contro il mammut\u201d<\/p>\n<p><img loading=\"lazy\" decoding=\"async\" class=\"alignnone size-full wp-image-169\" src=\"http:\/\/www.ambulatoriodellarte.eu\/wp-content\/uploads\/2017\/01\/t8.jpg\" alt=\"t8\" width=\"78\" height=\"105\" \/><\/p>\n<p>&nbsp;<\/p>\n<p align=\"left\">o il mostro alato di <strong>Roberto Zargani<\/strong>.<\/p>\n<p align=\"center\"><img loading=\"lazy\" decoding=\"async\" class=\"alignnone size-full wp-image-170\" src=\"http:\/\/www.ambulatoriodellarte.eu\/wp-content\/uploads\/2017\/01\/t9.jpg\" alt=\"t9\" width=\"121\" height=\"91\" \/><\/p>\n<p align=\"justify\"><strong><em>LE DIVERSE FASI DELLA VITA DI UNA PERSONA PORTANO AD UNA DIFFERENTE PERCEZIONE DEL TEMPO<\/em><\/strong><br \/>\nPer i bambini il tempo scorre molto lentamente e durante il gioco si passa praticamente in un\u2019altra dimensione: il cortile di <strong>Laura Bassignana<\/strong>, luogo di svago utilizzatissimo per decenni dai bambini, da piccoli a grandicelli, \u00e8 stato ora parzialmente sostituito da realt\u00e0 diverse un po\u2019 perch\u00e9 ci sono meno bimbi nei palazzi, un po\u2019 perch\u00e9 ci sono pi\u00f9 automobili e anche i genitori passano meno tempo a casa<\/p>\n<p align=\"center\"><img loading=\"lazy\" decoding=\"async\" class=\"alignnone size-full wp-image-172\" src=\"http:\/\/www.ambulatoriodellarte.eu\/wp-content\/uploads\/2017\/01\/t10.jpg\" alt=\"t10\" width=\"89\" height=\"119\" \/><\/p>\n<p align=\"justify\">il bambino che fa la verticale di <strong>Leonardo Leyva Herrera<\/strong>.<\/p>\n<p align=\"center\"><img loading=\"lazy\" decoding=\"async\" class=\"alignnone size-full wp-image-173\" src=\"http:\/\/www.ambulatoriodellarte.eu\/wp-content\/uploads\/2017\/01\/t11.jpg\" alt=\"t11\" width=\"84\" height=\"113\" \/><\/p>\n<p align=\"justify\">\u201cRiserva\u201d di <strong>Rocco Forgione<\/strong> ci porta nel mondo fantasticato dei bambini che giocano con gli origami.<\/p>\n<p align=\"center\"><img loading=\"lazy\" decoding=\"async\" class=\"alignnone size-full wp-image-174\" src=\"http:\/\/www.ambulatoriodellarte.eu\/wp-content\/uploads\/2017\/01\/t12.jpg\" alt=\"t12\" width=\"76\" height=\"101\" \/><\/p>\n<p align=\"justify\">Il tempo e le malattie possono segnare una persona e renderla meno gradevole a vedersi, ma quanto c\u2019\u00e8 di bello in quell\u2019individuo rimane (la farfalla) <em>.<\/em> (<strong>L.Alessandri<\/strong>)<\/p>\n<p align=\"center\"><img loading=\"lazy\" decoding=\"async\" class=\"alignnone size-full wp-image-175\" src=\"http:\/\/www.ambulatoriodellarte.eu\/wp-content\/uploads\/2017\/01\/t13.jpg\" alt=\"t13\" width=\"71\" height=\"95\" \/><\/p>\n<p align=\"justify\">Segni esteriori o interiori vengono lasciati su una persona anche da compromessi, umiliazioni e cos\u00ec via, come rappresentato nell\u2019 opera di <strong>Eduardo Leyva Herrera<\/strong>.<\/p>\n<p align=\"center\"><img loading=\"lazy\" decoding=\"async\" class=\"alignnone size-full wp-image-176\" src=\"http:\/\/www.ambulatoriodellarte.eu\/wp-content\/uploads\/2017\/01\/t14.jpg\" alt=\"t14\" width=\"68\" height=\"91\" \/><\/p>\n<p align=\"justify\">Il tempo passa, il vecchio medico fa quello che pu\u00f2, l\u2019agile morte arriva per tutti. In mezzo sta la Fede (per chi ce l\u2019ha), \u2026. solo uno \u00e8 risuscitato. (<strong>L.Alessandri<\/strong>)<\/p>\n<p class=\"Stile1\" align=\"center\"><img loading=\"lazy\" decoding=\"async\" class=\"alignnone size-full wp-image-177\" src=\"http:\/\/www.ambulatoriodellarte.eu\/wp-content\/uploads\/2017\/01\/t15.jpg\" alt=\"t15\" width=\"101\" height=\"75\" \/><\/p>\n<p align=\"left\"><strong>IL TEMPO PASSATO A SOGNARE METE DIFFICILI DA RAGGIUNGERE<\/strong><\/p>\n<p align=\"justify\">Il giovane artista cubano <strong>Eduardo LeyvaHerrera<\/strong> guarda attraverso le sbarre che si riflettono sui suoi occhiali e sogna di trovare la chiave che lo renda finalmente libero. Salire su un aereo e poter partire significherebbe raggiungere la libert\u00e0 immaginata dall\u2019artista: questo viene espresso nel ritratto realizzato con i timbri \u201cvia aerea\u201d.<\/p>\n<p class=\"Stile1\" align=\"center\"><img loading=\"lazy\" decoding=\"async\" class=\"alignnone size-full wp-image-178\" src=\"http:\/\/www.ambulatoriodellarte.eu\/wp-content\/uploads\/2017\/01\/t16.jpg\" alt=\"t16\" width=\"175\" height=\"107\" \/><\/p>\n<p class=\"Stile1\" align=\"center\"><img loading=\"lazy\" decoding=\"async\" class=\"alignnone size-full wp-image-179\" src=\"http:\/\/www.ambulatoriodellarte.eu\/wp-content\/uploads\/2017\/01\/t19.png\" alt=\"t19\" width=\"193\" height=\"125\" \/><\/p>\n<p align=\"left\"><strong><em>SVOLGENDO ATTIVITA\u2019DIVERSE NELLA GIORNATA IL TEMPO SCORRE DIVERSAMENTE<\/em><\/strong><\/p>\n<p align=\"justify\">In un\u2019epoca \u201cmultimediale\u201d, nella quale siamo costantemente bombardati da stimoli e possiamo essere costantemente in contatto con il mondo intero, <strong>Costanza Battaglini<\/strong> si descrive e si rappresenta in silenzio. Scrive l\u2019autrice: <em>Una mano volta a suggerire silenzio, l&#8217;altra impegnata a tenere un sacchetto<\/em> <em>contenente un pesce. Ho voluto dare a &#8221;il tempo nelle nostre mani&#8221; un significato pi\u00f9 intimo;<\/em> <em>quand&#8217; \u00e8 che sentiamo davvero nostro il tempo, per sentire e sentirci senza le confusioni, la frenesia e il rumore al di fuori di noi?<\/em> <em>E&#8217; il tempo del mio silenzio,<\/em> <em>quando il ticchettio dell&#8217; orologio diventa muto e lo scorrere dei minuti rimane una cornice costretta a rimanere al di fuori di questo prezioso momento.<\/em><\/p>\n<p align=\"center\"><img loading=\"lazy\" decoding=\"async\" class=\"alignnone size-full wp-image-180\" src=\"http:\/\/www.ambulatoriodellarte.eu\/wp-content\/uploads\/2017\/01\/t20.jpg\" alt=\"t20\" width=\"132\" height=\"179\" \/><\/p>\n<p align=\"justify\"><strong>Alessia Minuto <\/strong>rappresenta il prototipo di tutte le attese: l\u2019attesa dal medico. L\u2019iniziativa dell\u2019ambulatorio dell\u2019arte nasce proprio dalla consapevolezza che non ci sono molti momenti che passiamo da soli, a non fare nulla di particolare e magari con l\u2019attenzione rivolta verso di noi come quando aspettiamo di essere visitati,<\/p>\n<p align=\"center\"><img loading=\"lazy\" decoding=\"async\" class=\"alignnone size-full wp-image-181\" src=\"http:\/\/www.ambulatoriodellarte.eu\/wp-content\/uploads\/2017\/01\/t21.jpg\" alt=\"t21\" width=\"70\" height=\"99\" \/><\/p>\n<p align=\"left\">la lettura in spiaggia \u00e8 invece il prototipo del relax.<\/p>\n<p align=\"center\"><img loading=\"lazy\" decoding=\"async\" class=\"alignnone size-full wp-image-182\" src=\"http:\/\/www.ambulatoriodellarte.eu\/wp-content\/uploads\/2017\/01\/t22.jpg\" alt=\"t22\" width=\"68\" height=\"99\" \/><\/p>\n<p align=\"left\"><strong>Gino Garrone<\/strong>: \u201cse non ora quando?\u201d : la sveglia ci riporta nel turbine delle cose da fare, guardando l\u2019orologio decidiamo le priorit\u00e0 o anche se faremo una cosa oppure no.<\/p>\n<p class=\"Stile1\" align=\"center\"><img loading=\"lazy\" decoding=\"async\" class=\"alignnone size-full wp-image-183\" src=\"http:\/\/www.ambulatoriodellarte.eu\/wp-content\/uploads\/2017\/01\/t23.jpg\" alt=\"t23\" width=\"106\" height=\"79\" \/><\/p>\n<p align=\"justify\"><strong><em>ALCUNI OGGETTI, ALCUNE IMMAGINI, ALCUNI AROMI\u2026.CI PORTANO INDIETRO NEL TEMPO<\/em><\/strong><\/p>\n<p>come i biscotti la \u201cmadeleine\u201ddi Proust<br \/>\ncome i cartoni animati di Carosello:<br \/>\nil Don Chisciotte e Sancho Pancia di <strong>Armando Valcauda<\/strong><\/p>\n<p><img loading=\"lazy\" decoding=\"async\" class=\"alignnone size-full wp-image-184\" src=\"http:\/\/www.ambulatoriodellarte.eu\/wp-content\/uploads\/2017\/01\/t24.jpg\" alt=\"t24\" width=\"113\" height=\"85\" \/><\/p>\n<p align=\"left\">il cameriere Anton dei fratelli <strong>Pagot<\/strong> <em>,<\/em><\/p>\n<p align=\"center\"><img loading=\"lazy\" decoding=\"async\" class=\"alignnone size-full wp-image-185\" src=\"http:\/\/www.ambulatoriodellarte.eu\/wp-content\/uploads\/2017\/01\/t25.jpg\" alt=\"t25\" width=\"113\" height=\"85\" \/><\/p>\n<p align=\"left\">Carmencita e Caballero, Pippo, Popeye, Calimero\u2026.<em>;<\/em><\/p>\n<p align=\"center\"><img loading=\"lazy\" decoding=\"async\" class=\"alignnone size-full wp-image-186\" src=\"http:\/\/www.ambulatoriodellarte.eu\/wp-content\/uploads\/2017\/01\/t26.jpg\" alt=\"t26\" width=\"122\" height=\"91\" \/><\/p>\n<p align=\"left\">come La moto <em>retr\u00f2<\/em> di <strong>Edoardo Rossi<\/strong> realizzata in stoffe <em>vintage<\/em> <em>\u2026<\/em><\/p>\n<p class=\"Stile1\" align=\"center\"><img loading=\"lazy\" decoding=\"async\" class=\"alignnone size-full wp-image-187\" src=\"http:\/\/www.ambulatoriodellarte.eu\/wp-content\/uploads\/2017\/01\/t27.jpg\" alt=\"t27\" width=\"110\" height=\"82\" \/><\/p>\n<p align=\"justify\"><strong><em>IL PASSATO E\u2019 IMMODIFICABILE, IL PRESENTE DURA UN ATTIMO, NON SAPPIAMO COSA CI RISERVA IL FUTURO<\/em><\/strong><\/p>\n<p>Il soffione di <strong>Luisa Valentini<\/strong> \u00e8 un esempio di equilibrio e armonia, anche se basta un alito di vento per distruggerlo apparentemente. Dopo questo evento, per\u00f2, nasceranno molti altri soffioni .<\/p>\n<p align=\"center\"><img loading=\"lazy\" decoding=\"async\" class=\"alignnone size-full wp-image-188\" src=\"http:\/\/www.ambulatoriodellarte.eu\/wp-content\/uploads\/2017\/01\/t28.png\" alt=\"t28\" width=\"92\" height=\"122\" \/><\/p>\n<p align=\"justify\">\u201cMistero\u201d di <strong>Rocco Forgione<\/strong>: non sappiamo ci\u00f2 che ci aspetta, eventi repentini e che paiono irrilevanti possono cambiare il futuro (come nel film \u201c<em>Sliding doors<\/em>\u201d ad esempio)<\/p>\n<p><img loading=\"lazy\" decoding=\"async\" class=\"alignnone size-full wp-image-189\" src=\"http:\/\/www.ambulatoriodellarte.eu\/wp-content\/uploads\/2017\/01\/t29.jpg\" alt=\"t29\" width=\"114\" height=\"85\" \/><\/p>\n<p align=\"left\"><span class=\"container\"><em><strong>ALCUNI EVENTI FERMANO IL FLUSSO DEL TEMPO SUDDIVIDENDOLO IN UN PRIMA E UN DOPO <\/strong><\/em><\/span><\/p>\n<p>Come ci ricorda <strong>Elisabetta Ajani<\/strong> con il suo \u201cbefore\u201d: skyline di NY con le Torri Gemelle<\/p>\n<p class=\"Stile1\" align=\"center\"><img loading=\"lazy\" decoding=\"async\" class=\"alignnone size-full wp-image-190\" src=\"http:\/\/www.ambulatoriodellarte.eu\/wp-content\/uploads\/2017\/01\/t30.jpg\" alt=\"t30\" width=\"114\" height=\"85\" \/><\/p>\n<p align=\"left\"><strong><em>I RUOLI CAMBIANO DURANTE IL FLUIRE DEL TEMPO<\/em><\/strong><\/p>\n<p><strong>Agostino Arrivabene <\/strong>medita sul ruolo di predatore e preda :il gatto e il canarino (predatore e preda) sono stati accomunati dallo stesso destino non solo come esseri entrambi mortali, ma perch\u00e9 a sua volta il gatto \u00e8 stato preda di un cane (storia vera degli animali da compagnia dell\u2019artista).<\/p>\n<p class=\"Stile1\" align=\"center\"><img loading=\"lazy\" decoding=\"async\" class=\"alignnone size-full wp-image-191\" src=\"http:\/\/www.ambulatoriodellarte.eu\/wp-content\/uploads\/2017\/01\/t31.jpg\" alt=\"t31\" width=\"128\" height=\"96\" \/><\/p>\n<p align=\"left\"><strong><em>L\u2019ARTE CREA UN PONTE FRA PASSATO E PRESENTE<\/em><\/strong><\/p>\n<p align=\"justify\">Ci sono immagini che continuano ad emozionare anche a distanza di millenni, una di queste \u00e8 la \u201dmedusa\u201d. Il gruppo di \u201cgraffitari\u201d di <strong>Truly design<\/strong> ha ripreso l\u2019immagine classica riportandola in maniera anamorfica su muri e colonne di una vecchia fabbrica ormai in stato di abbandono. Il virtuosismo tecnico, la perizia della realizzazione hanno trasformato il luogo stesso in un\u2019opera d\u2019arte. Troppo spesso i graffitari vengono erroneamente confusi con i teppisti che imbrattano i muri con scarabocchi, mentre sono veri artisti che, in un\u2019epoca che troppo spesso confonde l\u2019arte con il denaro, regalano il loro lavoro valorizzando contesti urbani in degrado o comunque squallidi. La <em>Vanitas<\/em> da centinaia di anni compare in svariate opere d\u2019arte, adeguando lo stesso monito al modo di sentire di epoche diverse.<\/p>\n<p align=\"justify\"><img loading=\"lazy\" decoding=\"async\" class=\"alignnone wp-image-192\" src=\"http:\/\/www.ambulatoriodellarte.eu\/wp-content\/uploads\/2017\/01\/t32.jpg\" alt=\"t32\" width=\"187\" height=\"125\" \/><img loading=\"lazy\" decoding=\"async\" class=\"alignnone wp-image-193\" src=\"http:\/\/www.ambulatoriodellarte.eu\/wp-content\/uploads\/2017\/01\/t33.jpg\" alt=\"t33\" width=\"125\" height=\"125\" \/><img loading=\"lazy\" decoding=\"async\" class=\"alignnone wp-image-194\" src=\"http:\/\/www.ambulatoriodellarte.eu\/wp-content\/uploads\/2017\/01\/t34.jpg\" alt=\"t34\" width=\"159\" height=\"125\" \/><\/p>\n<p align=\"justify\">La Vanitas da centinaia di anni compare in svariate opere d\u2019arte, adeguando lo stesso monito al modo di sentire di epoche diverse.<\/p>\n<p align=\"justify\"><strong><em>IL TEMPO COME SERVIZIO PUBBLICO<\/em><\/strong><\/p>\n<p align=\"justify\">Scandire il tempo con metodi sempre pi\u00f9 precisi \u00e8 stato un servizio che da secoli \u00e8 a carico della comunit\u00e0. A partire dalle meridiane, che univano alla funzione primaria anche quella di suggerire perle di saggezza quali \u201c<em>l\u2019om a marca \u2018l temp e \u2018l temp a marca l\u2019om\u201d<\/em> <em>,<\/em> <em>\u201cl\u2019amour<\/em> <em>fait passer le temps,<\/em> <em>le temps fait passer l\u2019amour\u201d \u2026\u2026\u2026.<\/em><\/p>\n<p><img loading=\"lazy\" decoding=\"async\" class=\"alignnone size-full wp-image-195\" src=\"http:\/\/www.ambulatoriodellarte.eu\/wp-content\/uploads\/2017\/01\/t35.png\" alt=\"t35\" width=\"82\" height=\"109\" \/><\/p>\n<p align=\"justify\">Ma lo strumento adottato \u00e8 poi progressivamente variato nel tempo: si passa allora ai campanili famosi come il quadrante del <em>Big Ben<\/em> di <strong>Roberto Todeschini<\/strong><\/p>\n<p><img loading=\"lazy\" decoding=\"async\" class=\"alignnone size-full wp-image-196\" src=\"http:\/\/www.ambulatoriodellarte.eu\/wp-content\/uploads\/2017\/01\/t36.png\" alt=\"t36\" width=\"100\" height=\"76\" \/><\/p>\n<p align=\"justify\">o all\u2019orologio sul muro di <strong>Enzo Gagliardino<\/strong>.<\/p>\n<p><img loading=\"lazy\" decoding=\"async\" class=\"alignnone size-full wp-image-197\" src=\"http:\/\/www.ambulatoriodellarte.eu\/wp-content\/uploads\/2017\/01\/t37.png\" alt=\"t37\" width=\"66\" height=\"83\" \/><\/p>\n<p align=\"justify\">L\u2019orologio \u201cgoccia d\u2019acqua\u201d di <strong>Ferdi Giardini<\/strong> ci fa invece pensare al suono ritmico per eccellenza, quello che pi\u00f9 si avvicina al ticchettio dell\u2019orologio: il rubinetto che gocciola.<\/p>\n<p><img loading=\"lazy\" decoding=\"async\" class=\"alignnone size-full wp-image-198\" src=\"http:\/\/www.ambulatoriodellarte.eu\/wp-content\/uploads\/2017\/01\/t38.png\" alt=\"t38\" width=\"74\" height=\"95\" \/><\/p>\n<p align=\"left\"><strong><em>FUORI DAL TEMPO?<\/em><\/strong><\/p>\n<p align=\"justify\">\u201cMeteora\u201d di <strong>Riccardo Cordero<\/strong> ci introduce alle pi\u00f9 recenti teorie della fisica, dalla relativit\u00e0 in poi: il fluire del tempo nel resto dell\u2019universo potrebbe non essere cos\u00ec come lo percepiamo noi; inoltre, le deviazioni dalla norma (gli errori: i repentini cambi di direzione dei cerchi concentrici ) si sono spesso rivelati gli eventi pi\u00f9 importanti per l\u2019evoluzione.<\/p>\n<p align=\"center\"><img loading=\"lazy\" decoding=\"async\" class=\"alignnone size-full wp-image-199\" src=\"http:\/\/www.ambulatoriodellarte.eu\/wp-content\/uploads\/2017\/01\/t39.jpg\" alt=\"t39\" width=\"130\" height=\"91\" \/><\/p>\n<p align=\"justify\">Scrive <strong>Gianni Gianasso<\/strong> del suo \u201cgiocolando\u201d: <em>Da un metafisico cielo limpido, prende vita la grande<\/em><em>Biglia\/Gioco, che viene amorevolmente accolta tra due mani, unite da un fil rouge: \u00e8 forse questa l&#8217; unione consapevole nel rapporto Tempo\/Uomo e Ambiente?<\/em><\/p>\n<p align=\"center\"><img loading=\"lazy\" decoding=\"async\" class=\"alignnone size-full wp-image-200\" src=\"http:\/\/www.ambulatoriodellarte.eu\/wp-content\/uploads\/2017\/01\/t40.jpg\" alt=\"t40\" width=\"70\" height=\"93\" \/><\/p>\n<p align=\"justify\">L\u2019artista \u00e8 in grado di farci uscire dal tempo e dalla nostra realt\u00e0 quotidiana: nell\u2019opera \u201cstudio\u201d di <strong>Forgione<\/strong>, l\u2019uomo comune immerso nella propria realt\u00e0 porta sotto braccio un\u2019opera d\u2019arte che trasporta l\u2019osservatore in un mondo diverso, dove si fatica a distinguere, ad esempio, ci\u00f2 che \u00e8 animato da ci\u00f2 che non lo \u00e8 (tempo biologico-tempo geologico).<\/p>\n<p class=\"Stile1\" align=\"center\"><img loading=\"lazy\" decoding=\"async\" class=\"alignnone size-full wp-image-201\" src=\"http:\/\/www.ambulatoriodellarte.eu\/wp-content\/uploads\/2017\/01\/t41.jpg\" alt=\"t41\" width=\"73\" height=\"97\" \/><\/p>\n<p align=\"left\"><strong><em>RISPARMIARE TEMPO<\/em><\/strong><\/p>\n<p align=\"justify\">I moderni mezzi di spostamento che consentono sia di fruire del mezzo pubblico, sia di velocizzare il passaggio da un luogo all\u2019altro consentono di risparmiare tempo e massimizzare l\u2019efficienza con un occhio attento anche all\u2019estetica e all\u2019ambiente.<\/p>\n<p align=\"center\"><img loading=\"lazy\" decoding=\"async\" class=\"alignnone size-full wp-image-202\" src=\"http:\/\/www.ambulatoriodellarte.eu\/wp-content\/uploads\/2017\/01\/t42.png\" alt=\"t42\" width=\"298\" height=\"157\" \/><\/p>\n<p class=\"Stile1\" align=\"center\">\n","protected":false},"excerpt":{"rendered":"<p>IL TEMPO NELLE NOSTRE MANI scultura di Costanza Battaglini e Nicol\u00f2 Borgese \u201cL\u2019anima attende, fa attenzione e ricorda, sicch\u00e9 ci\u00f2 che essa attende, attraverso ci\u00f2 cui fa attenzione, passa in ci\u00f2 che ricorda. Nessuno nega che il futuro non c\u2019\u00e8 ancora, ma c\u2019\u00e8 gi\u00e0 nell\u2019anima l\u2019attesa del futuro. Nessuno nega che il passato non c\u2019\u00e8 [&hellip;]<\/p>\n","protected":false},"author":1,"featured_media":1884,"comment_status":"open","ping_status":"open","sticky":false,"template":"","format":"standard","meta":{"footnotes":""},"categories":[16],"tags":[21],"class_list":["post-161","post","type-post","status-publish","format-standard","has-post-thumbnail","hentry","category-ambulatoriodellarte","tag-il-tempo-nelle-nostre-mani"],"_links":{"self":[{"href":"http:\/\/www.ambulatoriodellarte.eu\/index.php\/wp-json\/wp\/v2\/posts\/161"}],"collection":[{"href":"http:\/\/www.ambulatoriodellarte.eu\/index.php\/wp-json\/wp\/v2\/posts"}],"about":[{"href":"http:\/\/www.ambulatoriodellarte.eu\/index.php\/wp-json\/wp\/v2\/types\/post"}],"author":[{"embeddable":true,"href":"http:\/\/www.ambulatoriodellarte.eu\/index.php\/wp-json\/wp\/v2\/users\/1"}],"replies":[{"embeddable":true,"href":"http:\/\/www.ambulatoriodellarte.eu\/index.php\/wp-json\/wp\/v2\/comments?post=161"}],"version-history":[{"count":2,"href":"http:\/\/www.ambulatoriodellarte.eu\/index.php\/wp-json\/wp\/v2\/posts\/161\/revisions"}],"predecessor-version":[{"id":204,"href":"http:\/\/www.ambulatoriodellarte.eu\/index.php\/wp-json\/wp\/v2\/posts\/161\/revisions\/204"}],"wp:featuredmedia":[{"embeddable":true,"href":"http:\/\/www.ambulatoriodellarte.eu\/index.php\/wp-json\/wp\/v2\/media\/1884"}],"wp:attachment":[{"href":"http:\/\/www.ambulatoriodellarte.eu\/index.php\/wp-json\/wp\/v2\/media?parent=161"}],"wp:term":[{"taxonomy":"category","embeddable":true,"href":"http:\/\/www.ambulatoriodellarte.eu\/index.php\/wp-json\/wp\/v2\/categories?post=161"},{"taxonomy":"post_tag","embeddable":true,"href":"http:\/\/www.ambulatoriodellarte.eu\/index.php\/wp-json\/wp\/v2\/tags?post=161"}],"curies":[{"name":"wp","href":"https:\/\/api.w.org\/{rel}","templated":true}]}}